{"id":856,"date":"2019-01-15T09:46:35","date_gmt":"2019-01-15T08:46:35","guid":{"rendered":"http:\/\/pomme-d-amap.org\/?p=856"},"modified":"2019-01-15T09:46:35","modified_gmt":"2019-01-15T08:46:35","slug":"distribution-du-15-01-19","status":"publish","type":"post","link":"https:\/\/pomme-d-amap.org\/index.php\/2019\/01\/15\/distribution-du-15-01-19\/","title":{"rendered":"Distribution du 15\/01\/19"},"content":{"rendered":"<div class=\"nH V8djrc byY\">\n<div class=\"nH\">\n<div class=\"ha\"><\/div>\n<div dir=\"ltr\">Salut \u00e0 tous,<\/p>\n<div><\/div>\n<div>\u00c7a repart sur un bon rythme de plantations \u00e0 St Augustin o\u00f9 m\u00e2che, laitues, \u00e9pinards, choux pointus se succ\u00e8dent. Bon, l&rsquo;hiver a encore une fois du mal a pointer le bout de son nez et les pluies n&rsquo;\u00e9tant pas non plus hallucinantes, on voit certains jours le sol qui ressuie vite comme au printemps. A vrai dire, m\u00eame si on nous annonce une fin de semaine plus en rapport avec la saison,on se r\u00e9chauffe, ma bonne dame, \u00e7a c&rsquo;est s\u00fbr ! Le nouveau local dans le hangar est quasiment termin\u00e9 et il y a bon espoir qu&rsquo;il soit op\u00e9rationnel assez vite. Un vrai pi\u00e8ce \u00e0 l&rsquo;abri avec un vrai chauffage \u00e0 St Augustin, \u00e7a va faire dr\u00f4le&#8230; Je suis d\u00e9j\u00e0 nostalgique des pauses d\u00e9jeuner dans le cabanon par 2\u00b0C&#8230; Je continue aussi \u00e0 bien avancer sur la partie comptabilit\u00e9 et 2018 est d\u00e9j\u00e0 quasiment termin\u00e9 et pr\u00eat \u00e0 \u00eatre cl\u00f4tur\u00e9, ce qui, pour ceux qui s&rsquo;y connaissent, est assez rare au mois de janvier pour un exercice se terminant au 31 d\u00e9cembre&#8230; Fier de lui, le gars&#8230;<\/div>\n<div>Voici votre panier du jour :<\/div>\n<div><\/div>\n<div>&#8211; Carottes 1,2 kg \/ 600 g<\/div>\n<div>&#8211; Courges 2 kg \/ 1 kg<\/div>\n<div>&#8211; C\u00e9leri rave 1 gros \/ 1 petit<\/div>\n<div>&#8211; Oignons jaunes 500 g \/ 250 g<\/div>\n<div>&#8211; Fenouil 2 \/1<\/div>\n<div>&#8211; M\u00e2che (quantit\u00e9 selon r\u00e9colte)<\/div>\n<div>&#8211; Persil (vrac ou botte)<\/div>\n<div><\/div>\n<div>Voil\u00e0, bonne journ\u00e9e et \u00e0 ce soir !<\/div>\n<div><\/div>\n<div>Marc<\/div>\n<\/div>\n<\/div>\n<\/div>\n","protected":false},"excerpt":{"rendered":"<p>Salut \u00e0 tous, \u00c7a repart sur un bon rythme de plantations \u00e0 St Augustin o\u00f9 m\u00e2che, laitues, \u00e9pinards, choux pointus se succ\u00e8dent. Bon, l&rsquo;hiver a encore une fois du mal a pointer le bout de son nez et les pluies n&rsquo;\u00e9tant pas non plus hallucinantes, on voit certains jours le sol qui ressuie vite comme &hellip; <a href=\"https:\/\/pomme-d-amap.org\/index.php\/2019\/01\/15\/distribution-du-15-01-19\/\" class=\"more-link\">Continuer la lecture de <span class=\"screen-reader-text\">Distribution du 15\/01\/19<\/span>  <span class=\"meta-nav\">&rarr;<\/span><\/a><\/p>\n","protected":false},"author":1,"featured_media":0,"comment_status":"closed","ping_status":"closed","sticky":false,"template":"","format":"standard","meta":{"footnotes":""},"categories":[11],"tags":[],"class_list":["post-856","post","type-post","status-publish","format-standard","hentry","category-distributions"],"_links":{"self":[{"href":"https:\/\/pomme-d-amap.org\/index.php\/wp-json\/wp\/v2\/posts\/856","targetHints":{"allow":["GET"]}}],"collection":[{"href":"https:\/\/pomme-d-amap.org\/index.php\/wp-json\/wp\/v2\/posts"}],"about":[{"href":"https:\/\/pomme-d-amap.org\/index.php\/wp-json\/wp\/v2\/types\/post"}],"author":[{"embeddable":true,"href":"https:\/\/pomme-d-amap.org\/index.php\/wp-json\/wp\/v2\/users\/1"}],"replies":[{"embeddable":true,"href":"https:\/\/pomme-d-amap.org\/index.php\/wp-json\/wp\/v2\/comments?post=856"}],"version-history":[{"count":1,"href":"https:\/\/pomme-d-amap.org\/index.php\/wp-json\/wp\/v2\/posts\/856\/revisions"}],"predecessor-version":[{"id":857,"href":"https:\/\/pomme-d-amap.org\/index.php\/wp-json\/wp\/v2\/posts\/856\/revisions\/857"}],"wp:attachment":[{"href":"https:\/\/pomme-d-amap.org\/index.php\/wp-json\/wp\/v2\/media?parent=856"}],"wp:term":[{"taxonomy":"category","embeddable":true,"href":"https:\/\/pomme-d-amap.org\/index.php\/wp-json\/wp\/v2\/categories?post=856"},{"taxonomy":"post_tag","embeddable":true,"href":"https:\/\/pomme-d-amap.org\/index.php\/wp-json\/wp\/v2\/tags?post=856"}],"curies":[{"name":"wp","href":"https:\/\/api.w.org\/{rel}","templated":true}]}}