{"id":867,"date":"2019-01-29T10:29:05","date_gmt":"2019-01-29T09:29:05","guid":{"rendered":"http:\/\/pomme-d-amap.org\/?p=867"},"modified":"2019-01-29T10:29:19","modified_gmt":"2019-01-29T09:29:19","slug":"distribution-du-29-01-19","status":"publish","type":"post","link":"https:\/\/pomme-d-amap.org\/index.php\/2019\/01\/29\/distribution-du-29-01-19\/","title":{"rendered":"Distribution du 29\/01\/19"},"content":{"rendered":"<p>Salut \u00e0 tous,<\/p>\n<div>Bon, on efface tout et on recommence ! Apr\u00e8s le bug climatique de la semaine derni\u00e8re, on reprend les bonnes habitudes et on repart de l&rsquo;avant pour notre rendez-vous hebdomadaire&#8230; enfin, peut-\u00eatre ! De grosses chutes de neige sont annonc\u00e9es demain soir&#8230; Allez, je\u00a0 braverai les \u00e9l\u00e9ments et penserai demain matin \u00e0 emporter avec moi lampe torche, couverture de survie, bouquin et saucisse s\u00e8che au cas o\u00f9 je reste coinc\u00e9 entre Ivry et mon chez moi tard dans la nuit&#8230;..<\/div>\n<div>A St Augustin, la neige a fondu et nous continuons \u00e0 pr\u00e9parer paniers et plantations. Tout est pr\u00eat pour la plantation des pommes de terre primeurs sous abri et les serres se remplissent petit \u00e0 petit d&rsquo;un vert chatoyant. Bon, ce n&rsquo;est pas encore le printemps mais on a entam\u00e9 la ligne droite qui y m\u00e8ne !<\/div>\n<div>Pas de double distribution cette semaine, pas toujours simple \u00e0 g\u00e9rer,\u00a0 je pr\u00e9f\u00e8re vous rajouter des l\u00e9gumes en deux ou trois fois pour compenser la distribution manquante. Je repars sur la distribution pr\u00e9vue la semaine derni\u00e8re et je mets en gras les l\u00e9gumes rajout\u00e9s pour y voir clair !<\/div>\n<div><\/div>\n<div>\n<div><span style=\"font-family: Segoe UI, Segoe UI Web (West European), Segoe UI, -apple-system, BlinkMacSystemFont, Roboto, Helvetica Neue, sans-serif;\">&#8211;\u00a0<\/span><span style=\"font-family: arial, sans-serif; font-size: small;\">Pommes de terre 1,5 kg \/ 750 g<\/span><\/div>\n<div><span style=\"font-family: arial, sans-serif; font-size: small;\">&#8211; <b>Carottes 1,2 kg \/ 600 g<\/b><\/span><\/div>\n<div><span style=\"font-family: arial, sans-serif; font-size: small;\">&#8211; Choux cabus 1 gros \/ 1 petit\u00a0<\/span><\/div>\n<div><span style=\"font-family: arial, sans-serif; font-size: small;\">&#8211; \u00c9chalotes 400 g \/ 200g<\/span><\/div>\n<div><span style=\"font-family: arial, sans-serif; font-size: small;\">&#8211; <b>Ail 2\/1<\/b><\/span><\/div>\n<div><span style=\"font-family: arial, sans-serif; font-size: small;\">&#8211; Betteraves 800 g \/ 400 g<\/span><\/div>\n<div><span style=\"font-family: arial, sans-serif; font-size: small;\">&#8211; <b>Fenouil 2\/1<\/b><\/span><\/div>\n<div><span style=\"font-family: arial, sans-serif; font-size: small;\">&#8211; Radis Da\u00efkon 600 g \/ 300 g<\/span><\/div>\n<div><span style=\"font-family: arial, sans-serif; font-size: small;\">&#8211; Mesclun m\u00e2che \/ mizuna ( q<\/span>uantit\u00e9 selon r\u00e9colte)<\/div>\n<\/div>\n<div><\/div>\n<div>Voil\u00e0, bonne soir\u00e9e et \u00e0 demain !<\/div>\n","protected":false},"excerpt":{"rendered":"<p>Salut \u00e0 tous, Bon, on efface tout et on recommence ! Apr\u00e8s le bug climatique de la semaine derni\u00e8re, on reprend les bonnes habitudes et on repart de l&rsquo;avant pour notre rendez-vous hebdomadaire&#8230; enfin, peut-\u00eatre ! De grosses chutes de neige sont annonc\u00e9es demain soir&#8230; Allez, je\u00a0 braverai les \u00e9l\u00e9ments et penserai demain matin \u00e0 &hellip; <a href=\"https:\/\/pomme-d-amap.org\/index.php\/2019\/01\/29\/distribution-du-29-01-19\/\" class=\"more-link\">Continuer la lecture de <span class=\"screen-reader-text\">Distribution du 29\/01\/19<\/span>  <span class=\"meta-nav\">&rarr;<\/span><\/a><\/p>\n","protected":false},"author":1,"featured_media":0,"comment_status":"closed","ping_status":"closed","sticky":false,"template":"","format":"standard","meta":{"footnotes":""},"categories":[11],"tags":[],"class_list":["post-867","post","type-post","status-publish","format-standard","hentry","category-distributions"],"_links":{"self":[{"href":"https:\/\/pomme-d-amap.org\/index.php\/wp-json\/wp\/v2\/posts\/867","targetHints":{"allow":["GET"]}}],"collection":[{"href":"https:\/\/pomme-d-amap.org\/index.php\/wp-json\/wp\/v2\/posts"}],"about":[{"href":"https:\/\/pomme-d-amap.org\/index.php\/wp-json\/wp\/v2\/types\/post"}],"author":[{"embeddable":true,"href":"https:\/\/pomme-d-amap.org\/index.php\/wp-json\/wp\/v2\/users\/1"}],"replies":[{"embeddable":true,"href":"https:\/\/pomme-d-amap.org\/index.php\/wp-json\/wp\/v2\/comments?post=867"}],"version-history":[{"count":2,"href":"https:\/\/pomme-d-amap.org\/index.php\/wp-json\/wp\/v2\/posts\/867\/revisions"}],"predecessor-version":[{"id":869,"href":"https:\/\/pomme-d-amap.org\/index.php\/wp-json\/wp\/v2\/posts\/867\/revisions\/869"}],"wp:attachment":[{"href":"https:\/\/pomme-d-amap.org\/index.php\/wp-json\/wp\/v2\/media?parent=867"}],"wp:term":[{"taxonomy":"category","embeddable":true,"href":"https:\/\/pomme-d-amap.org\/index.php\/wp-json\/wp\/v2\/categories?post=867"},{"taxonomy":"post_tag","embeddable":true,"href":"https:\/\/pomme-d-amap.org\/index.php\/wp-json\/wp\/v2\/tags?post=867"}],"curies":[{"name":"wp","href":"https:\/\/api.w.org\/{rel}","templated":true}]}}