{"id":873,"date":"2019-02-12T09:25:14","date_gmt":"2019-02-12T08:25:14","guid":{"rendered":"http:\/\/pomme-d-amap.org\/?p=873"},"modified":"2019-02-12T09:25:14","modified_gmt":"2019-02-12T08:25:14","slug":"distribution-du-12-02-19","status":"publish","type":"post","link":"https:\/\/pomme-d-amap.org\/index.php\/2019\/02\/12\/distribution-du-12-02-19\/","title":{"rendered":"Distribution du 12\/02\/19"},"content":{"rendered":"<p>Salut \u00e0 tous,<\/p>\n<p>Il y a des semaines o\u00f9 on arrive \u00e0 \u00eatre plus efficace que d&rsquo;autres, celle l\u00e0 en faisait partie ! Belle semaine de plantation d&rsquo;abord \u00e0 St Augustin, o\u00f9, gr\u00e2ce au redoux, nous avons pu, apr\u00e8s pr\u00e9paration des planches, planter sous serre brocolis, choux rave, \u00e9pinards, cresson et pommes de terre primeurs. Sur un autre front, le local est enfin termin\u00e9 et nous avons enti\u00e8rement peint et pos\u00e9 le parquet. Adieu les repas dans le froid ! Il n&rsquo;y a plus qu&rsquo;\u00e0 am\u00e9nager l&rsquo;int\u00e9rieur ! Bref, entre autre activit\u00e9 annexe, on est assez content de nous !<br \/>\nJe vous tiens au courant d\u00e8s que j&rsquo;ai des nouvelles pour les arbres fruitiers, notre ami devrait repasser cette semaine pour finaliser le dossier&#8230;<br \/>\nVoici votre panier :<\/p>\n<p>&#8211; Pommes de terre 1,5 kg \/ 750 g<br \/>\n&#8211; Carottes 1,2 kg \/ 600 g<br \/>\n&#8211; Radis green meat 600 g \/ 300 g<br \/>\n&#8211; Oignons rouge 500 g \/ 250 g<br \/>\n&#8211; Betteraves 800 g \/ 400 g<br \/>\n&#8211; M\u00e2che (quantit\u00e9 selon r\u00e9colte)<\/p>\n<p>Voil\u00e0, bonne journ\u00e9e et \u00e0 ce soir !<\/p>\n<p>Marc<\/p>\n","protected":false},"excerpt":{"rendered":"<p>Salut \u00e0 tous, Il y a des semaines o\u00f9 on arrive \u00e0 \u00eatre plus efficace que d&rsquo;autres, celle l\u00e0 en faisait partie ! Belle semaine de plantation d&rsquo;abord \u00e0 St Augustin, o\u00f9, gr\u00e2ce au redoux, nous avons pu, apr\u00e8s pr\u00e9paration des planches, planter sous serre brocolis, choux rave, \u00e9pinards, cresson et pommes de terre primeurs. &hellip; <a href=\"https:\/\/pomme-d-amap.org\/index.php\/2019\/02\/12\/distribution-du-12-02-19\/\" class=\"more-link\">Continuer la lecture de <span class=\"screen-reader-text\">Distribution du 12\/02\/19<\/span>  <span class=\"meta-nav\">&rarr;<\/span><\/a><\/p>\n","protected":false},"author":1,"featured_media":0,"comment_status":"closed","ping_status":"closed","sticky":false,"template":"","format":"standard","meta":{"footnotes":""},"categories":[11],"tags":[],"class_list":["post-873","post","type-post","status-publish","format-standard","hentry","category-distributions"],"_links":{"self":[{"href":"https:\/\/pomme-d-amap.org\/index.php\/wp-json\/wp\/v2\/posts\/873","targetHints":{"allow":["GET"]}}],"collection":[{"href":"https:\/\/pomme-d-amap.org\/index.php\/wp-json\/wp\/v2\/posts"}],"about":[{"href":"https:\/\/pomme-d-amap.org\/index.php\/wp-json\/wp\/v2\/types\/post"}],"author":[{"embeddable":true,"href":"https:\/\/pomme-d-amap.org\/index.php\/wp-json\/wp\/v2\/users\/1"}],"replies":[{"embeddable":true,"href":"https:\/\/pomme-d-amap.org\/index.php\/wp-json\/wp\/v2\/comments?post=873"}],"version-history":[{"count":1,"href":"https:\/\/pomme-d-amap.org\/index.php\/wp-json\/wp\/v2\/posts\/873\/revisions"}],"predecessor-version":[{"id":874,"href":"https:\/\/pomme-d-amap.org\/index.php\/wp-json\/wp\/v2\/posts\/873\/revisions\/874"}],"wp:attachment":[{"href":"https:\/\/pomme-d-amap.org\/index.php\/wp-json\/wp\/v2\/media?parent=873"}],"wp:term":[{"taxonomy":"category","embeddable":true,"href":"https:\/\/pomme-d-amap.org\/index.php\/wp-json\/wp\/v2\/categories?post=873"},{"taxonomy":"post_tag","embeddable":true,"href":"https:\/\/pomme-d-amap.org\/index.php\/wp-json\/wp\/v2\/tags?post=873"}],"curies":[{"name":"wp","href":"https:\/\/api.w.org\/{rel}","templated":true}]}}