{"id":881,"date":"2019-03-11T22:32:49","date_gmt":"2019-03-11T21:32:49","guid":{"rendered":"http:\/\/pomme-d-amap.org\/?p=881"},"modified":"2019-03-11T22:32:49","modified_gmt":"2019-03-11T21:32:49","slug":"distribution-du-12-03-19","status":"publish","type":"post","link":"https:\/\/pomme-d-amap.org\/index.php\/2019\/03\/11\/distribution-du-12-03-19\/","title":{"rendered":"Distribution du 12\/03\/19"},"content":{"rendered":"<p>Salut \u00e0 tous,<\/p>\n<p>Ravi de vous retrouver apr\u00e8s ce petit break de fin d&rsquo;hiver, sous les giboul\u00e9es et les gros coups de vents&#8230;. Semaine qui se voulait sans soucis mais qui, \u00e0 la faveur des \u00e9l\u00e9ments, a bien failli tourner au vinaigre! En effet, un coup de fil de Lucile lundi dernier m\u2019annon\u00e7ant que la serre bi-tunnel (la petite pour les non initi\u00e9s) \u00e9tait en train de s&rsquo;envoler a failli couper court \u00e0 toute vell\u00e9it\u00e9 de repos mental. En fait toute l&rsquo;armature c\u00f4t\u00e9 nord est sortie de ses vrilles et il a fallu mettre un maximum de poids (sacs de lestage, pierres) pour qu&rsquo;elle reste en place. il y aura quelques boulons \u00e0 resserrer et le tout \u00e0 replacer correctement apr\u00e8s l&rsquo;\u00e9pisode venteux, mais a priori, plus de peur que de mal&#8230; Bon, nous avions eu la pr\u00e9tention de planter une s\u00e9rie de laitues en ext\u00e9rieur la semaine pr\u00e9c\u00e9dente, pas s\u00fbr qu&rsquo;elles soient toutes magnifiques. Sinon, les f\u00e8ves sont en place, les oignons doux et les betteraves primeurs sem\u00e9es en micro-mottes et j&rsquo;ai totalement hallucin\u00e9 sur la pousse en serre pendant mon absence&#8230;le printemps arrive, malgr\u00e9 tout !<br \/>\nPour info, le gars des arbres fruitiers vient vendredi matin pour qu&rsquo;on choisisse les vari\u00e9t\u00e9s et qu&rsquo;on d\u00e9finisse les emplacements exacts, je vous tiens au courant de la suite des op\u00e9rations!<br \/>\nVoici votre panier de demain :<\/p>\n<p>&#8211; Carottes 1,2 kg \/ 600 g<br \/>\n&#8211; C\u00e9leri rave 1\/1<br \/>\n&#8211; Choux blanc (\u00e0 r\u00e9partir)<br \/>\n&#8211; \u00c9chalotes 400 g \/ 200 g<br \/>\n&#8211; Radis bleus d&rsquo;automne 600 g \/ 300 g<br \/>\n&#8211; Pourpier (quantit\u00e9 selon r\u00e9colte)<br \/>\n&#8211; Persil 1 botte \/ 1<\/p>\n<p>Voil\u00e0, bonne nuit et \u00e0 demain !<\/p>\n<p>Marc<\/p>\n","protected":false},"excerpt":{"rendered":"<p>Salut \u00e0 tous, Ravi de vous retrouver apr\u00e8s ce petit break de fin d&rsquo;hiver, sous les giboul\u00e9es et les gros coups de vents&#8230;. Semaine qui se voulait sans soucis mais qui, \u00e0 la faveur des \u00e9l\u00e9ments, a bien failli tourner au vinaigre! En effet, un coup de fil de Lucile lundi dernier m\u2019annon\u00e7ant que la &hellip; <a href=\"https:\/\/pomme-d-amap.org\/index.php\/2019\/03\/11\/distribution-du-12-03-19\/\" class=\"more-link\">Continuer la lecture de <span class=\"screen-reader-text\">Distribution du 12\/03\/19<\/span>  <span class=\"meta-nav\">&rarr;<\/span><\/a><\/p>\n","protected":false},"author":1,"featured_media":0,"comment_status":"closed","ping_status":"closed","sticky":false,"template":"","format":"standard","meta":{"footnotes":""},"categories":[11],"tags":[],"class_list":["post-881","post","type-post","status-publish","format-standard","hentry","category-distributions"],"_links":{"self":[{"href":"https:\/\/pomme-d-amap.org\/index.php\/wp-json\/wp\/v2\/posts\/881","targetHints":{"allow":["GET"]}}],"collection":[{"href":"https:\/\/pomme-d-amap.org\/index.php\/wp-json\/wp\/v2\/posts"}],"about":[{"href":"https:\/\/pomme-d-amap.org\/index.php\/wp-json\/wp\/v2\/types\/post"}],"author":[{"embeddable":true,"href":"https:\/\/pomme-d-amap.org\/index.php\/wp-json\/wp\/v2\/users\/1"}],"replies":[{"embeddable":true,"href":"https:\/\/pomme-d-amap.org\/index.php\/wp-json\/wp\/v2\/comments?post=881"}],"version-history":[{"count":1,"href":"https:\/\/pomme-d-amap.org\/index.php\/wp-json\/wp\/v2\/posts\/881\/revisions"}],"predecessor-version":[{"id":882,"href":"https:\/\/pomme-d-amap.org\/index.php\/wp-json\/wp\/v2\/posts\/881\/revisions\/882"}],"wp:attachment":[{"href":"https:\/\/pomme-d-amap.org\/index.php\/wp-json\/wp\/v2\/media?parent=881"}],"wp:term":[{"taxonomy":"category","embeddable":true,"href":"https:\/\/pomme-d-amap.org\/index.php\/wp-json\/wp\/v2\/categories?post=881"},{"taxonomy":"post_tag","embeddable":true,"href":"https:\/\/pomme-d-amap.org\/index.php\/wp-json\/wp\/v2\/tags?post=881"}],"curies":[{"name":"wp","href":"https:\/\/api.w.org\/{rel}","templated":true}]}}