{"id":913,"date":"2019-03-26T09:45:17","date_gmt":"2019-03-26T08:45:17","guid":{"rendered":"http:\/\/pomme-d-amap.org\/?p=913"},"modified":"2019-03-26T09:45:17","modified_gmt":"2019-03-26T08:45:17","slug":"distribution-du-26-03-19","status":"publish","type":"post","link":"https:\/\/pomme-d-amap.org\/index.php\/2019\/03\/26\/distribution-du-26-03-19\/","title":{"rendered":"Distribution du 26\/03\/19"},"content":{"rendered":"\n<p>Salut \u00e0 tous,<\/p>\n\n\n\n<p>Cette fois-ci, c&rsquo;est bien parti ! Malgr\u00e9  les fra\u00eecheurs matinales et pas que, c&rsquo;est la saison qui a commenc\u00e9 sur  les chapeaux de roue : Derni\u00e8res plantations en serre avant les l\u00e9gumes  d&rsquo;\u00e9t\u00e9 (fenouil, laitues), pr\u00e9paration du sol pour les pommes de terre,  serre \u00e0 bloc&#8230;tous les signes avant-coureur d&rsquo;une course contre la  montre qui va nous mener au mois d&rsquo;ao\u00fbt sans qu&rsquo;on s&rsquo;en rende compte ! On  devrait planter les arbres la semaine prochaine, j&rsquo;ai eu le gars hier,  il me rappelle aujourd&rsquo;hui pour me donner la date. On va planter aussi  de la rhubarbe cette semaine pour la premi\u00e8re fois \u00e0 St0! Marie va vous  envoyer des dates de chantiers incessamment, en attendant la ferme est  ouverte !Voici votre panier :<br>&#8211; Carottes 1,2 kg \/ 600 g<\/p>\n\n\n\n<p>&#8211; Courge 2 kg \/ 1 kg<\/p>\n\n\n\n<p>&#8211; Radis roses \/ blancs (quantit\u00e9 selon r\u00e9colte)<\/p>\n\n\n\n<p>&#8211; Oignons rouges ou jaunes 500 g \/ 250 g<\/p>\n\n\n\n<p>&#8211; M\u00e2che (quantit\u00e9 selon r\u00e9colte)- Roquette (quantit\u00e9 selon r\u00e9colte)<\/p>\n\n\n\n<p>&#8211; Persil\u00a0 1\/1<\/p>\n\n\n\n<p><br>Voil\u00e0, bonne journ\u00e9e et \u00e0 ce soir !<\/p>\n\n\n\n<p><br>Marc<\/p>\n","protected":false},"excerpt":{"rendered":"<p>Salut \u00e0 tous, Cette fois-ci, c&rsquo;est bien parti ! Malgr\u00e9 les fra\u00eecheurs matinales et pas que, c&rsquo;est la saison qui a commenc\u00e9 sur les chapeaux de roue : Derni\u00e8res plantations en serre avant les l\u00e9gumes d&rsquo;\u00e9t\u00e9 (fenouil, laitues), pr\u00e9paration du sol pour les pommes de terre, serre \u00e0 bloc&#8230;tous les signes avant-coureur d&rsquo;une course contre &hellip; <a href=\"https:\/\/pomme-d-amap.org\/index.php\/2019\/03\/26\/distribution-du-26-03-19\/\" class=\"more-link\">Continuer la lecture de <span class=\"screen-reader-text\">Distribution du 26\/03\/19<\/span>  <span class=\"meta-nav\">&rarr;<\/span><\/a><\/p>\n","protected":false},"author":1,"featured_media":0,"comment_status":"closed","ping_status":"closed","sticky":false,"template":"","format":"standard","meta":{"footnotes":""},"categories":[11],"tags":[],"class_list":["post-913","post","type-post","status-publish","format-standard","hentry","category-distributions"],"_links":{"self":[{"href":"https:\/\/pomme-d-amap.org\/index.php\/wp-json\/wp\/v2\/posts\/913","targetHints":{"allow":["GET"]}}],"collection":[{"href":"https:\/\/pomme-d-amap.org\/index.php\/wp-json\/wp\/v2\/posts"}],"about":[{"href":"https:\/\/pomme-d-amap.org\/index.php\/wp-json\/wp\/v2\/types\/post"}],"author":[{"embeddable":true,"href":"https:\/\/pomme-d-amap.org\/index.php\/wp-json\/wp\/v2\/users\/1"}],"replies":[{"embeddable":true,"href":"https:\/\/pomme-d-amap.org\/index.php\/wp-json\/wp\/v2\/comments?post=913"}],"version-history":[{"count":1,"href":"https:\/\/pomme-d-amap.org\/index.php\/wp-json\/wp\/v2\/posts\/913\/revisions"}],"predecessor-version":[{"id":914,"href":"https:\/\/pomme-d-amap.org\/index.php\/wp-json\/wp\/v2\/posts\/913\/revisions\/914"}],"wp:attachment":[{"href":"https:\/\/pomme-d-amap.org\/index.php\/wp-json\/wp\/v2\/media?parent=913"}],"wp:term":[{"taxonomy":"category","embeddable":true,"href":"https:\/\/pomme-d-amap.org\/index.php\/wp-json\/wp\/v2\/categories?post=913"},{"taxonomy":"post_tag","embeddable":true,"href":"https:\/\/pomme-d-amap.org\/index.php\/wp-json\/wp\/v2\/tags?post=913"}],"curies":[{"name":"wp","href":"https:\/\/api.w.org\/{rel}","templated":true}]}}