{"id":927,"date":"2019-04-23T08:39:12","date_gmt":"2019-04-23T07:39:12","guid":{"rendered":"http:\/\/pomme-d-amap.org\/?p=927"},"modified":"2019-04-23T08:39:47","modified_gmt":"2019-04-23T07:39:47","slug":"distribution-du-23-04-19","status":"publish","type":"post","link":"https:\/\/pomme-d-amap.org\/index.php\/2019\/04\/23\/distribution-du-23-04-19\/","title":{"rendered":"Distribution du 23\/04\/19"},"content":{"rendered":"\n<p>Salut \u00e0 tous<\/p>\n\n\n\n<p>30\u00b0C d\u2019amplitude thermique&#8230; c&rsquo;est ce  que l&rsquo;on a connu en Seine-et-Marne entre le petit matin du dimanche 14  avril et les apr\u00e8s-midi du week-end suivant ! Certes, le mois d&rsquo;avril est  r\u00e9put\u00e9 pour \u00eatre impr\u00e9visible mais bon, j&rsquo;avoue qu&rsquo;on ne sait plus trop  \u00e0 quel(s) saint(s) se vouer&#8230; Les l\u00e9gumes non plus d\u2019ailleurs, que l&rsquo;on  a du prot\u00e9ger du gel pour certains, y compris sous abri et qui depuis  deux ou trois jours montent \u00e0 graine (blettes, \u00e9pinards&#8230;) ou explosent  litt\u00e9ralement \u00e0 vue d\u2019\u0153il&#8230; Difficile dans ces conditions de suivre un  planning de culture coh\u00e9rent mais on va survivre ! En attendant les  prochains \u00e9v\u00e9nements, nous avons liquid\u00e9 la plantation de tous les  oignons de l&rsquo;ann\u00e9e (rouges, doux, cuisse de poulet, blancs, jaunes), 20  planches au total, plant\u00e9 laitues, \u00e9pinards et betteraves et continu\u00e9 la  pr\u00e9paration du sol pour les prochaines cultures.<\/p>\n\n\n\n<p>Nous avons donc commenc\u00e9 les grandes man\u0153uvres d&rsquo;irrigation car la  pluie, elle, n&rsquo;est toujours pas au rendez-vous&#8230; peut-\u00eatre cette  semaine ? Voici votre panier :<\/p>\n\n\n\n<p><br>&#8211; Carottes 1,2 kg \/ 600 g<\/p>\n\n\n\n<p>&#8211; Oignons jaunes 500 g \/ 250 g<\/p>\n\n\n\n<p>&#8211; Courge 1 part \/ 1\/2 part<\/p>\n\n\n\n<p>&#8211; Blettes (quantit\u00e9 selon r\u00e9colte)<\/p>\n\n\n\n<p>&#8211; \u00c9pinards (quantit\u00e9 selon r\u00e9colte)<\/p>\n\n\n\n<p>&#8211; Chou fleur (grand panier) \/ chou chinois ou blanc (petit panier)<\/p>\n\n\n\n<p>&#8211; Laitues 1\/1<\/p>\n\n\n\n<p>Voil\u00e0, bonne journ\u00e9e et \u00e0 ce soir !<br>Marc<\/p>\n","protected":false},"excerpt":{"rendered":"<p>Salut \u00e0 tous 30\u00b0C d\u2019amplitude thermique&#8230; c&rsquo;est ce que l&rsquo;on a connu en Seine-et-Marne entre le petit matin du dimanche 14 avril et les apr\u00e8s-midi du week-end suivant ! Certes, le mois d&rsquo;avril est r\u00e9put\u00e9 pour \u00eatre impr\u00e9visible mais bon, j&rsquo;avoue qu&rsquo;on ne sait plus trop \u00e0 quel(s) saint(s) se vouer&#8230; Les l\u00e9gumes non plus &hellip; <a href=\"https:\/\/pomme-d-amap.org\/index.php\/2019\/04\/23\/distribution-du-23-04-19\/\" class=\"more-link\">Continuer la lecture de <span class=\"screen-reader-text\">Distribution du 23\/04\/19<\/span>  <span class=\"meta-nav\">&rarr;<\/span><\/a><\/p>\n","protected":false},"author":1,"featured_media":0,"comment_status":"closed","ping_status":"closed","sticky":false,"template":"","format":"standard","meta":{"footnotes":""},"categories":[11],"tags":[],"class_list":["post-927","post","type-post","status-publish","format-standard","hentry","category-distributions"],"_links":{"self":[{"href":"https:\/\/pomme-d-amap.org\/index.php\/wp-json\/wp\/v2\/posts\/927","targetHints":{"allow":["GET"]}}],"collection":[{"href":"https:\/\/pomme-d-amap.org\/index.php\/wp-json\/wp\/v2\/posts"}],"about":[{"href":"https:\/\/pomme-d-amap.org\/index.php\/wp-json\/wp\/v2\/types\/post"}],"author":[{"embeddable":true,"href":"https:\/\/pomme-d-amap.org\/index.php\/wp-json\/wp\/v2\/users\/1"}],"replies":[{"embeddable":true,"href":"https:\/\/pomme-d-amap.org\/index.php\/wp-json\/wp\/v2\/comments?post=927"}],"version-history":[{"count":2,"href":"https:\/\/pomme-d-amap.org\/index.php\/wp-json\/wp\/v2\/posts\/927\/revisions"}],"predecessor-version":[{"id":929,"href":"https:\/\/pomme-d-amap.org\/index.php\/wp-json\/wp\/v2\/posts\/927\/revisions\/929"}],"wp:attachment":[{"href":"https:\/\/pomme-d-amap.org\/index.php\/wp-json\/wp\/v2\/media?parent=927"}],"wp:term":[{"taxonomy":"category","embeddable":true,"href":"https:\/\/pomme-d-amap.org\/index.php\/wp-json\/wp\/v2\/categories?post=927"},{"taxonomy":"post_tag","embeddable":true,"href":"https:\/\/pomme-d-amap.org\/index.php\/wp-json\/wp\/v2\/tags?post=927"}],"curies":[{"name":"wp","href":"https:\/\/api.w.org\/{rel}","templated":true}]}}