{"id":933,"date":"2019-05-07T08:51:01","date_gmt":"2019-05-07T07:51:01","guid":{"rendered":"http:\/\/pomme-d-amap.org\/?p=933"},"modified":"2019-05-14T08:51:53","modified_gmt":"2019-05-14T07:51:53","slug":"distribution-du-7-05-19","status":"publish","type":"post","link":"https:\/\/pomme-d-amap.org\/index.php\/2019\/05\/07\/distribution-du-7-05-19\/","title":{"rendered":"Distribution du 7\/05\/19"},"content":{"rendered":"\n<p>Salut \u00e0 tous,<br>Belle semaine \u00e0 la ferme, malgr\u00e9 le coup de froid dont on se serait bien pass\u00e9 ce week-end et qui nous a oblig\u00e9 \u00e0 tout prot\u00e9ger en ext\u00e9rieur ( belles gel\u00e9es au petit matin hier&#8230;) mais nous avons enfin eu un peu de pluie, ce qui a fait du bien \u00e0 la fois au sol et aux cultures. Un 1er mai ensoleill\u00e9 et participatif nous a permis entre autre, de d\u00e9sherber les carottes primeurs en serre et de planter les aubergines, merci \u00e0 vous! Nous avons \u00e9galement beaucoup avanc\u00e9 la pr\u00e9paration du sol, l&rsquo;\u00e9pandage du compost sur les diff\u00e9rentes parcelles et sem\u00e9 quelques planches de carottes et de navets destin\u00e9es \u00e0 la fin de l&rsquo;\u00e9t\u00e9.&nbsp;Concernant les paniers, les frigos sont quasi vides et les racines primeurs vont bient\u00f4t arriver (carottes et pommes de terre notamment). On va un peu jongler pendant deux ou trois semaines mais \u00e7a devrait le faire! Voici celui du jour:<\/p>\n\n\n\n<p><br>&#8211; Pommes de terre 1,5 kg \/ 750 g<\/p>\n\n\n\n<p>&#8211; Carottes 1kg \/ 500 g<\/p>\n\n\n\n<p>&#8211; Radis noirs 500 g \/ 250 g<\/p>\n\n\n\n<p>&#8211; Oignons blancs 1 botte \/ 1\/2<\/p>\n\n\n\n<p>&#8211; Chou fleur (g) ou pointu (p)<\/p>\n\n\n\n<p>&#8211; Laitues 2\/1<\/p>\n\n\n\n<p>Voil\u00e0, bonne journ\u00e9e et \u00e0 ce soir !<br>Marc<\/p>\n\n\n\n<p><\/p>\n","protected":false},"excerpt":{"rendered":"<p>Salut \u00e0 tous,Belle semaine \u00e0 la ferme, malgr\u00e9 le coup de froid dont on se serait bien pass\u00e9 ce week-end et qui nous a oblig\u00e9 \u00e0 tout prot\u00e9ger en ext\u00e9rieur ( belles gel\u00e9es au petit matin hier&#8230;) mais nous avons enfin eu un peu de pluie, ce qui a fait du bien \u00e0 la fois &hellip; <a href=\"https:\/\/pomme-d-amap.org\/index.php\/2019\/05\/07\/distribution-du-7-05-19\/\" class=\"more-link\">Continuer la lecture de <span class=\"screen-reader-text\">Distribution du 7\/05\/19<\/span>  <span class=\"meta-nav\">&rarr;<\/span><\/a><\/p>\n","protected":false},"author":1,"featured_media":0,"comment_status":"closed","ping_status":"closed","sticky":false,"template":"","format":"standard","meta":{"footnotes":""},"categories":[11],"tags":[],"class_list":["post-933","post","type-post","status-publish","format-standard","hentry","category-distributions"],"_links":{"self":[{"href":"https:\/\/pomme-d-amap.org\/index.php\/wp-json\/wp\/v2\/posts\/933","targetHints":{"allow":["GET"]}}],"collection":[{"href":"https:\/\/pomme-d-amap.org\/index.php\/wp-json\/wp\/v2\/posts"}],"about":[{"href":"https:\/\/pomme-d-amap.org\/index.php\/wp-json\/wp\/v2\/types\/post"}],"author":[{"embeddable":true,"href":"https:\/\/pomme-d-amap.org\/index.php\/wp-json\/wp\/v2\/users\/1"}],"replies":[{"embeddable":true,"href":"https:\/\/pomme-d-amap.org\/index.php\/wp-json\/wp\/v2\/comments?post=933"}],"version-history":[{"count":1,"href":"https:\/\/pomme-d-amap.org\/index.php\/wp-json\/wp\/v2\/posts\/933\/revisions"}],"predecessor-version":[{"id":937,"href":"https:\/\/pomme-d-amap.org\/index.php\/wp-json\/wp\/v2\/posts\/933\/revisions\/937"}],"wp:attachment":[{"href":"https:\/\/pomme-d-amap.org\/index.php\/wp-json\/wp\/v2\/media?parent=933"}],"wp:term":[{"taxonomy":"category","embeddable":true,"href":"https:\/\/pomme-d-amap.org\/index.php\/wp-json\/wp\/v2\/categories?post=933"},{"taxonomy":"post_tag","embeddable":true,"href":"https:\/\/pomme-d-amap.org\/index.php\/wp-json\/wp\/v2\/tags?post=933"}],"curies":[{"name":"wp","href":"https:\/\/api.w.org\/{rel}","templated":true}]}}