{"id":935,"date":"2019-05-14T08:50:45","date_gmt":"2019-05-14T07:50:45","guid":{"rendered":"http:\/\/pomme-d-amap.org\/?p=935"},"modified":"2019-05-14T08:50:45","modified_gmt":"2019-05-14T07:50:45","slug":"distribution-du-14-05-19","status":"publish","type":"post","link":"https:\/\/pomme-d-amap.org\/index.php\/2019\/05\/14\/distribution-du-14-05-19\/","title":{"rendered":"Distribution du 14\/05\/19"},"content":{"rendered":"\n<p>Salut \u00e0 tous,<br>Bon \u00e7a y est, c&rsquo;est les saints de glace  (13 \/ 14 \/ 15 mai). Traditionnellement, cela marque la fin du froid  pour de bon et l&rsquo;arriv\u00e9e d\u00e9finitive du printemps, pourri ou non ! On  verra dans les jours qui viennent ! En attendant, on a encore pass\u00e9 pas  mal de temps \u00e0 voiler, d\u00e9voiler, prot\u00e9ger, et chouchouter, tout en  continuant les semis et plantations: Poivrons,1\u00e8re s\u00e9rie de melons, 1\u00e8re  s\u00e9rie de courgettes, laitues, ciboulette, persil&#8230; les pluies  importantes de la semaine derni\u00e8re ont fait enfin sortir les patates et  nous attendons que \u00e7a s\u00e8che un peu plus pour avancer en profondeur la  pr\u00e9paration du sol pour les cultures \u00e0 venir. Je vous rappelle que le  prochain chantier amapien aura lieu le samedi 25 mai, n&rsquo;h\u00e9sitez-pas \u00e0  vous inscrire sur le framadate envoy\u00e9 par Marie en avril et de proposer \/  solliciter des covoiturages! Voici votre panier du jour :<br>&#8211; Pommes de terre 1,5 kg \/ 750 g<\/p>\n\n\n\n<p>&#8211; Carottes 1 kg \/ 500 g<\/p>\n\n\n\n<p>&#8211; Choux rave 2 \/1<\/p>\n\n\n\n<p>&#8211; \u00c9chalotes 400 g \/ 200 g<\/p>\n\n\n\n<p>&#8211; Courge ou c\u00e9leri (\u00e0 compter et r\u00e9partir, on vide les frigos! R\u00e9ponse ce soir&#8230;)<\/p>\n\n\n\n<p>&#8211; Laitues 1\/1<\/p>\n\n\n\n<p>&#8211; Fleur de ciboulette 1 bouquet \/ 1<\/p>\n\n\n\n<p>A ce soir !<br>Marc<\/p>\n\n\n\n<p>A ce soir !<br>Marc<\/p>\n","protected":false},"excerpt":{"rendered":"<p>Salut \u00e0 tous,Bon \u00e7a y est, c&rsquo;est les saints de glace (13 \/ 14 \/ 15 mai). Traditionnellement, cela marque la fin du froid pour de bon et l&rsquo;arriv\u00e9e d\u00e9finitive du printemps, pourri ou non ! On verra dans les jours qui viennent ! En attendant, on a encore pass\u00e9 pas mal de temps \u00e0 &hellip; <a href=\"https:\/\/pomme-d-amap.org\/index.php\/2019\/05\/14\/distribution-du-14-05-19\/\" class=\"more-link\">Continuer la lecture de <span class=\"screen-reader-text\">Distribution du 14\/05\/19<\/span>  <span class=\"meta-nav\">&rarr;<\/span><\/a><\/p>\n","protected":false},"author":1,"featured_media":0,"comment_status":"closed","ping_status":"closed","sticky":false,"template":"","format":"standard","meta":{"footnotes":""},"categories":[11],"tags":[],"class_list":["post-935","post","type-post","status-publish","format-standard","hentry","category-distributions"],"_links":{"self":[{"href":"https:\/\/pomme-d-amap.org\/index.php\/wp-json\/wp\/v2\/posts\/935","targetHints":{"allow":["GET"]}}],"collection":[{"href":"https:\/\/pomme-d-amap.org\/index.php\/wp-json\/wp\/v2\/posts"}],"about":[{"href":"https:\/\/pomme-d-amap.org\/index.php\/wp-json\/wp\/v2\/types\/post"}],"author":[{"embeddable":true,"href":"https:\/\/pomme-d-amap.org\/index.php\/wp-json\/wp\/v2\/users\/1"}],"replies":[{"embeddable":true,"href":"https:\/\/pomme-d-amap.org\/index.php\/wp-json\/wp\/v2\/comments?post=935"}],"version-history":[{"count":1,"href":"https:\/\/pomme-d-amap.org\/index.php\/wp-json\/wp\/v2\/posts\/935\/revisions"}],"predecessor-version":[{"id":936,"href":"https:\/\/pomme-d-amap.org\/index.php\/wp-json\/wp\/v2\/posts\/935\/revisions\/936"}],"wp:attachment":[{"href":"https:\/\/pomme-d-amap.org\/index.php\/wp-json\/wp\/v2\/media?parent=935"}],"wp:term":[{"taxonomy":"category","embeddable":true,"href":"https:\/\/pomme-d-amap.org\/index.php\/wp-json\/wp\/v2\/categories?post=935"},{"taxonomy":"post_tag","embeddable":true,"href":"https:\/\/pomme-d-amap.org\/index.php\/wp-json\/wp\/v2\/tags?post=935"}],"curies":[{"name":"wp","href":"https:\/\/api.w.org\/{rel}","templated":true}]}}