{"id":938,"date":"2019-05-21T08:25:47","date_gmt":"2019-05-21T07:25:47","guid":{"rendered":"http:\/\/pomme-d-amap.org\/?p=938"},"modified":"2019-05-21T08:25:47","modified_gmt":"2019-05-21T07:25:47","slug":"distribution-du-21-05-19","status":"publish","type":"post","link":"https:\/\/pomme-d-amap.org\/index.php\/2019\/05\/21\/distribution-du-21-05-19\/","title":{"rendered":"Distribution du 21\/05\/19"},"content":{"rendered":"\n<p>Salut \u00e0 tous,<br>Je me d\u00e9p\u00eache ce matin, mot rapide pour  vous dire qu&rsquo;entre les gouttes, les travaux se succ\u00e8dent \u00e0 un bon  rythme sur la ferme, entre pr\u00e9paration du sol pour les diff\u00e9rents semis  et plantations, la plantation des c\u00e9leris rave, de la deuxi\u00e8me s\u00e9rie de  courgettes, de la pr\u00e9paration de la serre pour les cultures d&rsquo;\u00e9t\u00e9 \u00e0  venir, le buttage des pommes de terre qui forment d\u00e9sormais un joli  tapis vert, nous ne ch\u00f4mons pas.\u00a0<\/p>\n\n\n\n<p>Je vous rappelle que samedi,  c&rsquo;est chantier \u00e0 la ferme avec plein de r\u00e9jouissances et que pour ceux  qui le veulent, nous y sommes aussi le jeudi 30 pour l&rsquo;Ascension!Voici votre panier du jour :<\/p>\n\n\n\n<p>&#8211; Pommes de terre primeurs 1,2 kg \/ 600 g<\/p>\n\n\n\n<p>&#8211; Carottes nouvelles 1,2 kg \/ 600 g environ<\/p>\n\n\n\n<p>&#8211; Ail frais 2\/1<\/p>\n\n\n\n<p>&#8211; Oignons jaunes 600 g \/ 300 g<\/p>\n\n\n\n<p>&#8211; Brocolis \/ Chou fleur (\u00e0 r\u00e9partir)<\/p>\n\n\n\n<p>&#8211; Radis gla\u00e7ons (quantit\u00e9 selon r\u00e9colte)<\/p>\n\n\n\n<p>Voil\u00e0, bonne journ\u00e9e et \u00e0 ce soir !<br>Marc<\/p>\n","protected":false},"excerpt":{"rendered":"<p>Salut \u00e0 tous,Je me d\u00e9p\u00eache ce matin, mot rapide pour vous dire qu&rsquo;entre les gouttes, les travaux se succ\u00e8dent \u00e0 un bon rythme sur la ferme, entre pr\u00e9paration du sol pour les diff\u00e9rents semis et plantations, la plantation des c\u00e9leris rave, de la deuxi\u00e8me s\u00e9rie de courgettes, de la pr\u00e9paration de la serre pour les &hellip; <a href=\"https:\/\/pomme-d-amap.org\/index.php\/2019\/05\/21\/distribution-du-21-05-19\/\" class=\"more-link\">Continuer la lecture de <span class=\"screen-reader-text\">Distribution du 21\/05\/19<\/span>  <span class=\"meta-nav\">&rarr;<\/span><\/a><\/p>\n","protected":false},"author":1,"featured_media":0,"comment_status":"closed","ping_status":"closed","sticky":false,"template":"","format":"standard","meta":{"footnotes":""},"categories":[11],"tags":[],"class_list":["post-938","post","type-post","status-publish","format-standard","hentry","category-distributions"],"_links":{"self":[{"href":"https:\/\/pomme-d-amap.org\/index.php\/wp-json\/wp\/v2\/posts\/938","targetHints":{"allow":["GET"]}}],"collection":[{"href":"https:\/\/pomme-d-amap.org\/index.php\/wp-json\/wp\/v2\/posts"}],"about":[{"href":"https:\/\/pomme-d-amap.org\/index.php\/wp-json\/wp\/v2\/types\/post"}],"author":[{"embeddable":true,"href":"https:\/\/pomme-d-amap.org\/index.php\/wp-json\/wp\/v2\/users\/1"}],"replies":[{"embeddable":true,"href":"https:\/\/pomme-d-amap.org\/index.php\/wp-json\/wp\/v2\/comments?post=938"}],"version-history":[{"count":1,"href":"https:\/\/pomme-d-amap.org\/index.php\/wp-json\/wp\/v2\/posts\/938\/revisions"}],"predecessor-version":[{"id":939,"href":"https:\/\/pomme-d-amap.org\/index.php\/wp-json\/wp\/v2\/posts\/938\/revisions\/939"}],"wp:attachment":[{"href":"https:\/\/pomme-d-amap.org\/index.php\/wp-json\/wp\/v2\/media?parent=938"}],"wp:term":[{"taxonomy":"category","embeddable":true,"href":"https:\/\/pomme-d-amap.org\/index.php\/wp-json\/wp\/v2\/categories?post=938"},{"taxonomy":"post_tag","embeddable":true,"href":"https:\/\/pomme-d-amap.org\/index.php\/wp-json\/wp\/v2\/tags?post=938"}],"curies":[{"name":"wp","href":"https:\/\/api.w.org\/{rel}","templated":true}]}}