{"id":941,"date":"2019-05-22T10:27:39","date_gmt":"2019-05-22T09:27:39","guid":{"rendered":"http:\/\/pomme-d-amap.org\/?p=941"},"modified":"2019-05-22T10:27:39","modified_gmt":"2019-05-22T09:27:39","slug":"pesto-de-fanes-de-radis","status":"publish","type":"post","link":"https:\/\/pomme-d-amap.org\/index.php\/2019\/05\/22\/pesto-de-fanes-de-radis\/","title":{"rendered":"Pesto de fanes de radis"},"content":{"rendered":"\n<p>Ingr\u00e9dients : <br>&#8211; fanes de 2 bottes de radis (aucune id\u00e9e du poids, d\u00e9sol\u00e9e, au pif !)<\/p>\n\n\n\n<p>&#8211; 50g d&rsquo;amandes<\/p>\n\n\n\n<p>&#8211; 2CS \u00e0 soupe d&rsquo;olive (encore une fois, ajustez selon texture et go\u00fbt)<\/p>\n\n\n\n<p>&#8211; 100g de f\u00eata ou fromage de ch\u00e8vre frais<\/p>\n\n\n\n<p>&#8211; 1 gousse d&rsquo;ail (moi je ne l&rsquo;avais pas mise)<\/p>\n\n\n\n<p>&#8211; 1 pinc\u00e9e de sel<\/p>\n\n\n\n<p><br>Mixer tous les ingr\u00e9dients au mixeur jusqu&rsquo;\u00e0 obtention d&rsquo;une p\u00e2te homog\u00e8ne !<br>(merci Top Nature !)<br><\/p>\n","protected":false},"excerpt":{"rendered":"<p>Ingr\u00e9dients : &#8211; fanes de 2 bottes de radis (aucune id\u00e9e du poids, d\u00e9sol\u00e9e, au pif !) &#8211; 50g d&rsquo;amandes &#8211; 2CS \u00e0 soupe d&rsquo;olive (encore une fois, ajustez selon texture et go\u00fbt) &#8211; 100g de f\u00eata ou fromage de ch\u00e8vre frais &#8211; 1 gousse d&rsquo;ail (moi je ne l&rsquo;avais pas mise) &#8211; 1 pinc\u00e9e &hellip; <a href=\"https:\/\/pomme-d-amap.org\/index.php\/2019\/05\/22\/pesto-de-fanes-de-radis\/\" class=\"more-link\">Continuer la lecture de <span class=\"screen-reader-text\">Pesto de fanes de radis<\/span>  <span class=\"meta-nav\">&rarr;<\/span><\/a><\/p>\n","protected":false},"author":1,"featured_media":0,"comment_status":"closed","ping_status":"closed","sticky":false,"template":"","format":"standard","meta":{"footnotes":""},"categories":[1],"tags":[],"class_list":["post-941","post","type-post","status-publish","format-standard","hentry","category-recettes"],"_links":{"self":[{"href":"https:\/\/pomme-d-amap.org\/index.php\/wp-json\/wp\/v2\/posts\/941","targetHints":{"allow":["GET"]}}],"collection":[{"href":"https:\/\/pomme-d-amap.org\/index.php\/wp-json\/wp\/v2\/posts"}],"about":[{"href":"https:\/\/pomme-d-amap.org\/index.php\/wp-json\/wp\/v2\/types\/post"}],"author":[{"embeddable":true,"href":"https:\/\/pomme-d-amap.org\/index.php\/wp-json\/wp\/v2\/users\/1"}],"replies":[{"embeddable":true,"href":"https:\/\/pomme-d-amap.org\/index.php\/wp-json\/wp\/v2\/comments?post=941"}],"version-history":[{"count":1,"href":"https:\/\/pomme-d-amap.org\/index.php\/wp-json\/wp\/v2\/posts\/941\/revisions"}],"predecessor-version":[{"id":942,"href":"https:\/\/pomme-d-amap.org\/index.php\/wp-json\/wp\/v2\/posts\/941\/revisions\/942"}],"wp:attachment":[{"href":"https:\/\/pomme-d-amap.org\/index.php\/wp-json\/wp\/v2\/media?parent=941"}],"wp:term":[{"taxonomy":"category","embeddable":true,"href":"https:\/\/pomme-d-amap.org\/index.php\/wp-json\/wp\/v2\/categories?post=941"},{"taxonomy":"post_tag","embeddable":true,"href":"https:\/\/pomme-d-amap.org\/index.php\/wp-json\/wp\/v2\/tags?post=941"}],"curies":[{"name":"wp","href":"https:\/\/api.w.org\/{rel}","templated":true}]}}