{"id":952,"date":"2019-06-18T08:18:04","date_gmt":"2019-06-18T07:18:04","guid":{"rendered":"http:\/\/pomme-d-amap.org\/?p=952"},"modified":"2019-06-18T08:18:04","modified_gmt":"2019-06-18T07:18:04","slug":"distribution-du-18-06-19","status":"publish","type":"post","link":"https:\/\/pomme-d-amap.org\/index.php\/2019\/06\/18\/distribution-du-18-06-19\/","title":{"rendered":"Distribution du 18\/06\/19"},"content":{"rendered":"\n<p>Salut \u00e0 tous,<\/p>\n\n\n\n<p>Finalement, un temps plus chaud et plus  sec s&rsquo;installe un peu et nous avons enfin pu remettre le nez dehors  autrement que pour constater les d\u00e9g\u00e2ts li\u00e9s aux fortes pluies de ces  derni\u00e8res semaines. Nous avons r\u00e9ussi \u00e0 planter presque toutes les  courges m\u00eame si une partie a du \u00eatre diss\u00e9min\u00e9e sur d&rsquo;autres parcelles  que celle pr\u00e9vue \u00e0 l&rsquo;origine et \u00e0 finaliser la pr\u00e9paration du sol pour  les semis de carottes et de betteraves de conservation que nous ferons  incessamment. Nous avons \u00e9galement plant\u00e9 piment, basilic et la deuxi\u00e8me  s\u00e9rie de melons sous serre. Les oignons, eux, \u00e0 force de stagnation dans  une humidit\u00e9 permanente, se remplissent d&rsquo;herbes et luttent contrent le  mildiou et attendent avec impatience qu&rsquo;on s&rsquo;en occupe samedi ! A  propos de samedi, je rappelle \u00e0 ceux qui reviennent de Neptune que nous  faisons une journ\u00e9e chantier \/ f\u00eate d&rsquo;amap \u00e0 St Augustin, Marie vous a  renvoy\u00e9 le sondage hier pour vous inscrire si vous venez afin de  faciliter l&rsquo;organisation. H\u00e2te de vous voir sous le soleil&#8230;enfin,  j&rsquo;esp\u00e8re ! Du c\u00f4t\u00e9 des paniers, on\u00a0 rentre dans le creux un peu  compliqu\u00e9 en attendant les premi\u00e8res courgettes (pour tr\u00e8\u00e8\u00e8\u00e8s bient\u00f4t),  les premiers concombres et les premi\u00e8res tomates, l&rsquo;impact du froid et  de l&rsquo;humidit\u00e9 sur les cultures primeurs mises au champ t\u00f4t ayant \u00e9t\u00e9  assez important, entra\u00eenant leur d\u00e9t\u00e9rioration ou leur stagnation. Bref,  on n&rsquo;est pas ultra fournis dans les deux, trois semaines \u00e0 venir mais  on va s&rsquo;en sortir ! Voici votre panier \u00e0 v\u00e9rifier :<br>&#8211; Pommes de terre nouvelles 1 kg \/ 500 g<\/p>\n\n\n\n<p>&#8211; Carottes nouvelles 1 kg \/ 500 g<\/p>\n\n\n\n<p>&#8211; Laitues 1 \/ 1- Oignons blancs ( \u00e0 peser)<\/p>\n\n\n\n<p>&#8211; \u00c9pinards ou choux pointus (les \u00e9pinards sont tr\u00e8s impact\u00e9s, pas s\u00fbr qu\u2019on y r\u00e9ussisse une r\u00e9colte)<\/p>\n\n\n\n<p>&#8211; Ail frais 2\/1<\/p>\n\n\n\n<p>Voil\u00e0, bonne journ\u00e9e et \u00e0 ce soir !<br>Marc<\/p>\n","protected":false},"excerpt":{"rendered":"<p>Salut \u00e0 tous, Finalement, un temps plus chaud et plus sec s&rsquo;installe un peu et nous avons enfin pu remettre le nez dehors autrement que pour constater les d\u00e9g\u00e2ts li\u00e9s aux fortes pluies de ces derni\u00e8res semaines. Nous avons r\u00e9ussi \u00e0 planter presque toutes les courges m\u00eame si une partie a du \u00eatre diss\u00e9min\u00e9e sur &hellip; <a href=\"https:\/\/pomme-d-amap.org\/index.php\/2019\/06\/18\/distribution-du-18-06-19\/\" class=\"more-link\">Continuer la lecture de <span class=\"screen-reader-text\">Distribution du 18\/06\/19<\/span>  <span class=\"meta-nav\">&rarr;<\/span><\/a><\/p>\n","protected":false},"author":1,"featured_media":0,"comment_status":"closed","ping_status":"closed","sticky":false,"template":"","format":"standard","meta":{"footnotes":""},"categories":[11],"tags":[],"class_list":["post-952","post","type-post","status-publish","format-standard","hentry","category-distributions"],"_links":{"self":[{"href":"https:\/\/pomme-d-amap.org\/index.php\/wp-json\/wp\/v2\/posts\/952","targetHints":{"allow":["GET"]}}],"collection":[{"href":"https:\/\/pomme-d-amap.org\/index.php\/wp-json\/wp\/v2\/posts"}],"about":[{"href":"https:\/\/pomme-d-amap.org\/index.php\/wp-json\/wp\/v2\/types\/post"}],"author":[{"embeddable":true,"href":"https:\/\/pomme-d-amap.org\/index.php\/wp-json\/wp\/v2\/users\/1"}],"replies":[{"embeddable":true,"href":"https:\/\/pomme-d-amap.org\/index.php\/wp-json\/wp\/v2\/comments?post=952"}],"version-history":[{"count":1,"href":"https:\/\/pomme-d-amap.org\/index.php\/wp-json\/wp\/v2\/posts\/952\/revisions"}],"predecessor-version":[{"id":953,"href":"https:\/\/pomme-d-amap.org\/index.php\/wp-json\/wp\/v2\/posts\/952\/revisions\/953"}],"wp:attachment":[{"href":"https:\/\/pomme-d-amap.org\/index.php\/wp-json\/wp\/v2\/media?parent=952"}],"wp:term":[{"taxonomy":"category","embeddable":true,"href":"https:\/\/pomme-d-amap.org\/index.php\/wp-json\/wp\/v2\/categories?post=952"},{"taxonomy":"post_tag","embeddable":true,"href":"https:\/\/pomme-d-amap.org\/index.php\/wp-json\/wp\/v2\/tags?post=952"}],"curies":[{"name":"wp","href":"https:\/\/api.w.org\/{rel}","templated":true}]}}