{"id":970,"date":"2019-07-09T05:05:11","date_gmt":"2019-07-09T04:05:11","guid":{"rendered":"http:\/\/pomme-d-amap.org\/?p=970"},"modified":"2019-07-09T05:05:11","modified_gmt":"2019-07-09T04:05:11","slug":"distribution-du-9-07-19","status":"publish","type":"post","link":"https:\/\/pomme-d-amap.org\/index.php\/2019\/07\/09\/distribution-du-9-07-19\/","title":{"rendered":"Distribution du 9\/07\/19"},"content":{"rendered":"\n<p>Salut \u00e0 tous,<br>L&rsquo;\u00e9t\u00e9 avance doucement, avec lui les premiers d\u00e9parts en vacances qui co\u00efncident g\u00e9n\u00e9ralement avec la r\u00e9colte des premi\u00e8res tomates! On a commenc\u00e9, vos rempla\u00e7ants devraient en avoir dans les paniers la semaine prochaine&#8230;&#8230;. Le rythme des r\u00e9coltes quotidiennes s&rsquo;acc\u00e9l\u00e8re et nous avons quasiment r\u00e9ussi \u00e0 mettre deux grand chantiers annuels derri\u00e8re nous: la plantation des choux de conservation et celle des poireaux. Encore quelques planches et nous en serons venus \u00e0 bout. Nous avons commenc\u00e9 les premiers d\u00e9sherbage de carottes de conservation (merci \u00e0 Catherine, Fabian, Isaac et Sylvain pour leur coup de main de samedi!), en revanche, les oignons ont du mal \u00e0 repartir, malgr\u00e9 les efforts de d\u00e9sherbage&#8230; c&rsquo;est pas leur ann\u00e9e!Voici votre panier :<br>&#8211; Pommes de terre 1 kg \/ 500 g<\/p>\n\n\n\n<p>&#8211; F\u00e8ves 1 kg \/ 500 g environ<\/p>\n\n\n\n<p>&#8211; Aubergines 2\/1<\/p>\n\n\n\n<p>&#8211; Concombres (\u00e0 r\u00e9partir)<\/p>\n\n\n\n<p>&#8211; Courgettes (\u00e0 r\u00e9partir)<\/p>\n\n\n\n<p>&#8211; Laitues 1\/1<\/p>\n\n\n\n<p>&#8211; Choux rave (\u00e0 r\u00e9partir)<\/p>\n\n\n\n<p>&#8211; Basilic<\/p>\n\n\n\n<p>Voil\u00e0, bonne journ\u00e9e et \u00e0 ce soir !<br>Marc<\/p>\n","protected":false},"excerpt":{"rendered":"<p>Salut \u00e0 tous,L&rsquo;\u00e9t\u00e9 avance doucement, avec lui les premiers d\u00e9parts en vacances qui co\u00efncident g\u00e9n\u00e9ralement avec la r\u00e9colte des premi\u00e8res tomates! On a commenc\u00e9, vos rempla\u00e7ants devraient en avoir dans les paniers la semaine prochaine&#8230;&#8230;. Le rythme des r\u00e9coltes quotidiennes s&rsquo;acc\u00e9l\u00e8re et nous avons quasiment r\u00e9ussi \u00e0 mettre deux grand chantiers annuels derri\u00e8re nous: la &hellip; <a href=\"https:\/\/pomme-d-amap.org\/index.php\/2019\/07\/09\/distribution-du-9-07-19\/\" class=\"more-link\">Continuer la lecture de <span class=\"screen-reader-text\">Distribution du 9\/07\/19<\/span>  <span class=\"meta-nav\">&rarr;<\/span><\/a><\/p>\n","protected":false},"author":1,"featured_media":0,"comment_status":"closed","ping_status":"closed","sticky":false,"template":"","format":"standard","meta":{"footnotes":""},"categories":[11],"tags":[],"class_list":["post-970","post","type-post","status-publish","format-standard","hentry","category-distributions"],"_links":{"self":[{"href":"https:\/\/pomme-d-amap.org\/index.php\/wp-json\/wp\/v2\/posts\/970","targetHints":{"allow":["GET"]}}],"collection":[{"href":"https:\/\/pomme-d-amap.org\/index.php\/wp-json\/wp\/v2\/posts"}],"about":[{"href":"https:\/\/pomme-d-amap.org\/index.php\/wp-json\/wp\/v2\/types\/post"}],"author":[{"embeddable":true,"href":"https:\/\/pomme-d-amap.org\/index.php\/wp-json\/wp\/v2\/users\/1"}],"replies":[{"embeddable":true,"href":"https:\/\/pomme-d-amap.org\/index.php\/wp-json\/wp\/v2\/comments?post=970"}],"version-history":[{"count":1,"href":"https:\/\/pomme-d-amap.org\/index.php\/wp-json\/wp\/v2\/posts\/970\/revisions"}],"predecessor-version":[{"id":971,"href":"https:\/\/pomme-d-amap.org\/index.php\/wp-json\/wp\/v2\/posts\/970\/revisions\/971"}],"wp:attachment":[{"href":"https:\/\/pomme-d-amap.org\/index.php\/wp-json\/wp\/v2\/media?parent=970"}],"wp:term":[{"taxonomy":"category","embeddable":true,"href":"https:\/\/pomme-d-amap.org\/index.php\/wp-json\/wp\/v2\/categories?post=970"},{"taxonomy":"post_tag","embeddable":true,"href":"https:\/\/pomme-d-amap.org\/index.php\/wp-json\/wp\/v2\/tags?post=970"}],"curies":[{"name":"wp","href":"https:\/\/api.w.org\/{rel}","templated":true}]}}