{"id":982,"date":"2019-09-03T08:33:44","date_gmt":"2019-09-03T07:33:44","guid":{"rendered":"http:\/\/pomme-d-amap.org\/?p=982"},"modified":"2019-09-03T08:33:44","modified_gmt":"2019-09-03T07:33:44","slug":"distribution-du-3-09-19","status":"publish","type":"post","link":"https:\/\/pomme-d-amap.org\/index.php\/2019\/09\/03\/distribution-du-3-09-19\/","title":{"rendered":"Distribution du 3\/09\/19"},"content":{"rendered":"\n<p>Salut \u00e0 tous,<br>\u00c7a y est, c&rsquo;est le retour au boulot  pour tout le monde, y compris les mara\u00eechers qui tel Ovide, commen\u00e7aient  \u00e0 faire l&rsquo;\u00e9loge de la paresse&#8230; Comme chaque ann\u00e9e, le blues de la fin  des vacances est largement att\u00e9nu\u00e9 par la joie de vous revoir&#8230; oh,  l\u00e0&#8230; que va-t-il nous annoncer celui-l\u00e0 ?&#8230; Et, non, tout va bien! Pas  d\u2019inondation ni s\u00e9cheresse excessive, des d\u00e9sherbages \u00e0 peu-pr\u00e8s  ma\u00eetris\u00e9s, des l\u00e9gumes d&rsquo;\u00e9t\u00e9 encore vivant, m\u00eame si le d\u00e9clin commence  doucement. Bon, un programme charg\u00e9, c&rsquo;est s\u00fbr mais on va tenter de  r\u00e9ussir la rentr\u00e9e!Et encore merci \u00e0 Anna pour son s\u00e9jour parmi nous, sa  gentillesse et son efficacit\u00e9 ! On reprend le quotidien avec Lucile et  d\u00e9j\u00e0, les premi\u00e8res mobilisations: Pour la r\u00e9colte des pommes de terre,  cette ann\u00e9e, on va faire \u00e7a en plusieurs temps. Les patates \u00e9tant d\u00e9j\u00e0  pr\u00eates \u00e0 \u00eatre r\u00e9colt\u00e9es depuis un moment, on va commencer en semaine d\u00e8s  qu&rsquo;on a cinq minutes, je vais faire une  premi\u00e8re journ\u00e9e amapienne le <strong>samedi 14 septembre<\/strong> puis le <strong>samedi 28 septembre<\/strong>.  Si au cours du mois, on se rend compte qu&rsquo;on ne pourra pas finir le 28,  on mettra le dimanche 29 septembre en sus. Je sais, il y a plein de  choses pr\u00e9vues \u00e0 la rentr\u00e9e, c&rsquo;est pour cela que l&rsquo;on met plusieurs  dates, et il y aura des carottes, des courges, des racines \u00e0 r\u00e9colter,  ne vous excusez-pas de votre \u00e9ventuelle absence! Framadate, Marie ?? Concernant le panier, on la finalise aujourd&rsquo;hui, difficile de vous dire pr\u00e9cis\u00e9ment, il devrait y avoi r:<br>&#8211; Tomates 2 kg \/ 1 kg<\/p>\n\n\n\n<p>&#8211; Pommes de terre 1 kg \/ 500 g<\/p>\n\n\n\n<p>&#8211; Aubergines, poivrons, p\u00e2tissons, melons : \u00e0,r\u00e9partir entre les amap.<\/p>\n\n\n\n<p>&#8211; Courgettes \u00e0 compter<\/p>\n\n\n\n<p>&#8211; Concombres \u00e0 Comter<\/p>\n\n\n\n<p>&#8211; C\u00e9leri branche\u00a0<\/p>\n\n\n\n<p>&#8211; Basilic<\/p>\n\n\n\n<p>Allez, je vous laisse, bonne journ\u00e9e et \u00e0 ce soir !<br>Marc<\/p>\n","protected":false},"excerpt":{"rendered":"<p>Salut \u00e0 tous,\u00c7a y est, c&rsquo;est le retour au boulot pour tout le monde, y compris les mara\u00eechers qui tel Ovide, commen\u00e7aient \u00e0 faire l&rsquo;\u00e9loge de la paresse&#8230; Comme chaque ann\u00e9e, le blues de la fin des vacances est largement att\u00e9nu\u00e9 par la joie de vous revoir&#8230; oh, l\u00e0&#8230; que va-t-il nous annoncer celui-l\u00e0 ?&#8230; &hellip; <a href=\"https:\/\/pomme-d-amap.org\/index.php\/2019\/09\/03\/distribution-du-3-09-19\/\" class=\"more-link\">Continuer la lecture de <span class=\"screen-reader-text\">Distribution du 3\/09\/19<\/span>  <span class=\"meta-nav\">&rarr;<\/span><\/a><\/p>\n","protected":false},"author":1,"featured_media":0,"comment_status":"closed","ping_status":"closed","sticky":false,"template":"","format":"standard","meta":{"footnotes":""},"categories":[11],"tags":[],"class_list":["post-982","post","type-post","status-publish","format-standard","hentry","category-distributions"],"_links":{"self":[{"href":"https:\/\/pomme-d-amap.org\/index.php\/wp-json\/wp\/v2\/posts\/982","targetHints":{"allow":["GET"]}}],"collection":[{"href":"https:\/\/pomme-d-amap.org\/index.php\/wp-json\/wp\/v2\/posts"}],"about":[{"href":"https:\/\/pomme-d-amap.org\/index.php\/wp-json\/wp\/v2\/types\/post"}],"author":[{"embeddable":true,"href":"https:\/\/pomme-d-amap.org\/index.php\/wp-json\/wp\/v2\/users\/1"}],"replies":[{"embeddable":true,"href":"https:\/\/pomme-d-amap.org\/index.php\/wp-json\/wp\/v2\/comments?post=982"}],"version-history":[{"count":1,"href":"https:\/\/pomme-d-amap.org\/index.php\/wp-json\/wp\/v2\/posts\/982\/revisions"}],"predecessor-version":[{"id":983,"href":"https:\/\/pomme-d-amap.org\/index.php\/wp-json\/wp\/v2\/posts\/982\/revisions\/983"}],"wp:attachment":[{"href":"https:\/\/pomme-d-amap.org\/index.php\/wp-json\/wp\/v2\/media?parent=982"}],"wp:term":[{"taxonomy":"category","embeddable":true,"href":"https:\/\/pomme-d-amap.org\/index.php\/wp-json\/wp\/v2\/categories?post=982"},{"taxonomy":"post_tag","embeddable":true,"href":"https:\/\/pomme-d-amap.org\/index.php\/wp-json\/wp\/v2\/tags?post=982"}],"curies":[{"name":"wp","href":"https:\/\/api.w.org\/{rel}","templated":true}]}}