{"id":986,"date":"2019-09-10T09:07:54","date_gmt":"2019-09-10T08:07:54","guid":{"rendered":"http:\/\/pomme-d-amap.org\/?p=986"},"modified":"2019-09-10T09:07:54","modified_gmt":"2019-09-10T08:07:54","slug":"distribution-du-10-09-19","status":"publish","type":"post","link":"https:\/\/pomme-d-amap.org\/index.php\/2019\/09\/10\/distribution-du-10-09-19\/","title":{"rendered":"Distribution du 10\/09\/19"},"content":{"rendered":"\n<p>Salut \u00e0 tous,<br>On a senti le vent de l&rsquo;hiver hier,  comme pour nous rappeler que les r\u00e9jouissances estivales sont derri\u00e8res  nous&#8230; Allez, \u00e7a se r\u00e9chauffe \u00e0 nouveau dans les jours qui viennent, on  est encore loin des polaires ! En attendant, petit coup de frein habituel  pour les l\u00e9gumes d&rsquo;\u00e9t\u00e9 mais \u00e7a se maintient, \u00e0 part les aubergines qui  ont \u00e9t\u00e9 lamin\u00e9es par les doryphores et ne tiendront probablement pas  autant que d&rsquo;habitude&#8230; On a commenc\u00e9 cette semaine \u00e0 pr\u00e9parer les  planches en serre pour le retour des premiers plants d&rsquo;automne, nous  avons r\u00e9colt\u00e9 et mis \u00e0 s\u00e9cher les \u00e9chalotes et d\u00e9sherb\u00e9 les choux, entre  autres r\u00e9coltes quotidiennes. Concernant les chantiers patates, nous  ferons un premier jet samedi avec les quelques inscrits (si on peut  commencer vers 10h, c&rsquo;est cool!!) qui nous permettra de d\u00e9finir les  besoins en main d\u2019\u0153uvre pour le 28. Pour le moment, tr\u00e8s peu d&rsquo;inscrits  sur les deux dates et notamment pour le 28, \u00e0 vos agendas !Voici une tendance pour votre panier avec encore du travail de r\u00e9partition \u00e0 faire, d\u00e9sol\u00e9 !<br>&#8211; Tomates 2kg \/ 1kg<\/p>\n\n\n\n<p>&#8211; Carottes 1 kg \/ 500 g<\/p>\n\n\n\n<p>&#8211; Blettes (quantit\u00e9 selon r\u00e9colte)<\/p>\n\n\n\n<p>&#8211; Courgettes, poivrons, melons, concombres \u00e0 r\u00e9partir<\/p>\n\n\n\n<p>&#8211; Haricots?<\/p>\n\n\n\n<p>&#8211; Laitues 1\/1<\/p>\n\n\n\n<p>&#8211; Basilic\u00a0<\/p>\n\n\n\n<p>&#8211; Thym<\/p>\n\n\n\n<p>Voil\u00e0, bonne journ\u00e9e et \u00e0 ce soir !<br>Marc<\/p>\n","protected":false},"excerpt":{"rendered":"<p>Salut \u00e0 tous,On a senti le vent de l&rsquo;hiver hier, comme pour nous rappeler que les r\u00e9jouissances estivales sont derri\u00e8res nous&#8230; Allez, \u00e7a se r\u00e9chauffe \u00e0 nouveau dans les jours qui viennent, on est encore loin des polaires ! En attendant, petit coup de frein habituel pour les l\u00e9gumes d&rsquo;\u00e9t\u00e9 mais \u00e7a se maintient, \u00e0 &hellip; <a href=\"https:\/\/pomme-d-amap.org\/index.php\/2019\/09\/10\/distribution-du-10-09-19\/\" class=\"more-link\">Continuer la lecture de <span class=\"screen-reader-text\">Distribution du 10\/09\/19<\/span>  <span class=\"meta-nav\">&rarr;<\/span><\/a><\/p>\n","protected":false},"author":1,"featured_media":0,"comment_status":"closed","ping_status":"closed","sticky":false,"template":"","format":"standard","meta":{"footnotes":""},"categories":[11],"tags":[],"class_list":["post-986","post","type-post","status-publish","format-standard","hentry","category-distributions"],"_links":{"self":[{"href":"https:\/\/pomme-d-amap.org\/index.php\/wp-json\/wp\/v2\/posts\/986","targetHints":{"allow":["GET"]}}],"collection":[{"href":"https:\/\/pomme-d-amap.org\/index.php\/wp-json\/wp\/v2\/posts"}],"about":[{"href":"https:\/\/pomme-d-amap.org\/index.php\/wp-json\/wp\/v2\/types\/post"}],"author":[{"embeddable":true,"href":"https:\/\/pomme-d-amap.org\/index.php\/wp-json\/wp\/v2\/users\/1"}],"replies":[{"embeddable":true,"href":"https:\/\/pomme-d-amap.org\/index.php\/wp-json\/wp\/v2\/comments?post=986"}],"version-history":[{"count":1,"href":"https:\/\/pomme-d-amap.org\/index.php\/wp-json\/wp\/v2\/posts\/986\/revisions"}],"predecessor-version":[{"id":987,"href":"https:\/\/pomme-d-amap.org\/index.php\/wp-json\/wp\/v2\/posts\/986\/revisions\/987"}],"wp:attachment":[{"href":"https:\/\/pomme-d-amap.org\/index.php\/wp-json\/wp\/v2\/media?parent=986"}],"wp:term":[{"taxonomy":"category","embeddable":true,"href":"https:\/\/pomme-d-amap.org\/index.php\/wp-json\/wp\/v2\/categories?post=986"},{"taxonomy":"post_tag","embeddable":true,"href":"https:\/\/pomme-d-amap.org\/index.php\/wp-json\/wp\/v2\/tags?post=986"}],"curies":[{"name":"wp","href":"https:\/\/api.w.org\/{rel}","templated":true}]}}