{"id":994,"date":"2019-09-14T22:52:22","date_gmt":"2019-09-14T21:52:22","guid":{"rendered":"http:\/\/pomme-d-amap.org\/?p=994"},"modified":"2019-09-14T22:52:22","modified_gmt":"2019-09-14T21:52:22","slug":"chantier-patates-2019-1er-round","status":"publish","type":"post","link":"https:\/\/pomme-d-amap.org\/index.php\/2019\/09\/14\/chantier-patates-2019-1er-round\/","title":{"rendered":"Chantier patates 2019 &#8211; 1er round"},"content":{"rendered":"<p>Le soleil \u00e9tait au rendez-vous pour cette premi\u00e8re journ\u00e9e de r\u00e9colte de pommes de terre \u00e0 Saint Augustin, accompagn\u00e9 d&rsquo;une brise l\u00e9g\u00e8re bien agr\u00e9able, le tout dans une atmosph\u00e8re toujours estivale et conviviale.<\/p>\n<p>La vingtaine d&rsquo;amapien(ne)s d&rsquo;Ivry\/Seine et du Kremlin-Bic\u00eatre qui y ont particip\u00e9 ont ainsi pris de belles couleurs, et pas mal de poussi\u00e8re aussi !<\/p>\n<p>Car il a fallu retourner la terre s\u00e8che de la parcelle pour faire remonter ces pr\u00e9cieux tubercules qui ont aussit\u00f4t \u00e9t\u00e9 ramass\u00e9s, rassembl\u00e9s dans des palox et stock\u00e9s dans les frigos. Un peu plus de la moiti\u00e9 de la parcelle a ainsi \u00e9t\u00e9 pass\u00e9e au crible !<\/p>\n<p>La bonne nouvelle, c&rsquo;est que la r\u00e9colte s&rsquo;annonce tr\u00e8s bonne cette ann\u00e9e ; plus de 4 tonnes de patates ramass\u00e9s en une journ\u00e9e (contre seulement 1,8 tonnes l&rsquo;ann\u00e9e pr\u00e9c\u00e9dente) !<\/p>\n<p>L&rsquo;autre bonne nouvelle, c&rsquo;est qu&rsquo;il va falloir poursuivre la r\u00e9colte le 28 septembre, car il en reste sans doute encore autant dans le reste de la parcelle !\u00a0 Avis aux amateurs de pur\u00e9e, de frites et de journ\u00e9es au grand air, Marc et Lucille comptent sur vous.<\/p>\n\n<p>[supsystic-gallery id=15]<\/p>\n","protected":false},"excerpt":{"rendered":"<p>Le soleil \u00e9tait au rendez-vous pour cette premi\u00e8re journ\u00e9e de r\u00e9colte de pommes de terre \u00e0 Saint Augustin, accompagn\u00e9 d&rsquo;une brise l\u00e9g\u00e8re bien agr\u00e9able, le tout dans une atmosph\u00e8re toujours estivale et conviviale. La vingtaine d&rsquo;amapien(ne)s d&rsquo;Ivry\/Seine et du Kremlin-Bic\u00eatre qui y ont particip\u00e9 ont ainsi pris de belles couleurs, et pas mal de poussi\u00e8re &hellip; <a href=\"https:\/\/pomme-d-amap.org\/index.php\/2019\/09\/14\/chantier-patates-2019-1er-round\/\" class=\"more-link\">Continuer la lecture de <span class=\"screen-reader-text\">Chantier patates 2019 &#8211; 1er round<\/span>  <span class=\"meta-nav\">&rarr;<\/span><\/a><\/p>\n","protected":false},"author":1,"featured_media":0,"comment_status":"closed","ping_status":"closed","sticky":false,"template":"","format":"standard","meta":{"footnotes":""},"categories":[16,4],"tags":[],"class_list":["post-994","post","type-post","status-publish","format-standard","hentry","category-galerie-dimages","category-coups-de-pouce-a-la-ferme"],"_links":{"self":[{"href":"https:\/\/pomme-d-amap.org\/index.php\/wp-json\/wp\/v2\/posts\/994","targetHints":{"allow":["GET"]}}],"collection":[{"href":"https:\/\/pomme-d-amap.org\/index.php\/wp-json\/wp\/v2\/posts"}],"about":[{"href":"https:\/\/pomme-d-amap.org\/index.php\/wp-json\/wp\/v2\/types\/post"}],"author":[{"embeddable":true,"href":"https:\/\/pomme-d-amap.org\/index.php\/wp-json\/wp\/v2\/users\/1"}],"replies":[{"embeddable":true,"href":"https:\/\/pomme-d-amap.org\/index.php\/wp-json\/wp\/v2\/comments?post=994"}],"version-history":[{"count":3,"href":"https:\/\/pomme-d-amap.org\/index.php\/wp-json\/wp\/v2\/posts\/994\/revisions"}],"predecessor-version":[{"id":997,"href":"https:\/\/pomme-d-amap.org\/index.php\/wp-json\/wp\/v2\/posts\/994\/revisions\/997"}],"wp:attachment":[{"href":"https:\/\/pomme-d-amap.org\/index.php\/wp-json\/wp\/v2\/media?parent=994"}],"wp:term":[{"taxonomy":"category","embeddable":true,"href":"https:\/\/pomme-d-amap.org\/index.php\/wp-json\/wp\/v2\/categories?post=994"},{"taxonomy":"post_tag","embeddable":true,"href":"https:\/\/pomme-d-amap.org\/index.php\/wp-json\/wp\/v2\/tags?post=994"}],"curies":[{"name":"wp","href":"https:\/\/api.w.org\/{rel}","templated":true}]}}