{"id":998,"date":"2019-09-17T06:20:54","date_gmt":"2019-09-17T05:20:54","guid":{"rendered":"http:\/\/pomme-d-amap.org\/?p=998"},"modified":"2019-09-17T06:20:54","modified_gmt":"2019-09-17T05:20:54","slug":"distribution-du-17-09-19","status":"publish","type":"post","link":"https:\/\/pomme-d-amap.org\/index.php\/2019\/09\/17\/distribution-du-17-09-19\/","title":{"rendered":"Distribution du 17\/09\/19"},"content":{"rendered":"\n<p>Salut \u00e0 tous,<\/p>\n\n\n\n<p>Eh, oui ! Comme vous le disait Benjamin,  nous avons eu droit \u00e0 un tr\u00e8s beau samedi patates \u00e0 StO, avec presque 4  tonnes de pommes de terre d\u00e9j\u00e0 dans les chambres froides et encore un  gros tiers sous la terre. On est sur une base 6 tonnes si tout va bien,  ce qui est plus que satisfaisant, surtout apr\u00e8s les frustrations  (inondations, \u00e9loignement, s\u00e9cheresse) de ces derni\u00e8res ann\u00e9es&#8230; Bon,  gardez les troupes mobilis\u00e9es, on finira le 28 et si on est assez  nombreux et qu&rsquo;il nous reste du temps, on pourra avancer d&rsquo;autres  r\u00e9coltes ! Pour le reste, on r\u00e9investit les serres pour le d\u00e9but des  plantations automne \/ hiver, on travaille le sol des planches d\u00e9j\u00e0  lib\u00e9r\u00e9es \u00e0 l&rsquo;ext\u00e9rieur pour une meilleure reprise au printemps et on va  semer de l&rsquo;engrais vert sur certaines d&rsquo;entre elles pour passer l&rsquo;hiver.  Les l\u00e9gumes d&rsquo;\u00e9t\u00e9 continuent leur inexorable d\u00e9clin mais les tomates  sont encore vaillantes, on r\u00e9partit tout aujourd&rsquo;hui.<br>Votre panier sera compos\u00e9 a priori de :<\/p>\n\n\n\n<p>&#8211; Tomates 2 kg \/ 1 kg<\/p>\n\n\n\n<p>&#8211; Pommes de terre 1,5 kg \/ 750 g<\/p>\n\n\n\n<p>&#8211; Oignons cuisse de poulet ou doux 500g \/ 250 g ou \u00e0 la pi\u00e8ce<\/p>\n\n\n\n<p>&#8211; P\u00e2tissons, aubergines, courgettes, concombres \u00e0 compter et r\u00e9partir<\/p>\n\n\n\n<p>&#8211; Laitue 1\/1<\/p>\n\n\n\n<p>&#8211; Thym 1\/1<\/p>\n\n\n\n<p>&#8211; autre aromatique \u00e0 d\u00e9finir<\/p>\n\n\n\n<p>Voil\u00e0, bonne journ\u00e9e et \u00e0 ce soir !<br>Marc<\/p>\n","protected":false},"excerpt":{"rendered":"<p>Salut \u00e0 tous, Eh, oui ! Comme vous le disait Benjamin, nous avons eu droit \u00e0 un tr\u00e8s beau samedi patates \u00e0 StO, avec presque 4 tonnes de pommes de terre d\u00e9j\u00e0 dans les chambres froides et encore un gros tiers sous la terre. On est sur une base 6 tonnes si tout va bien, &hellip; <a href=\"https:\/\/pomme-d-amap.org\/index.php\/2019\/09\/17\/distribution-du-17-09-19\/\" class=\"more-link\">Continuer la lecture de <span class=\"screen-reader-text\">Distribution du 17\/09\/19<\/span>  <span class=\"meta-nav\">&rarr;<\/span><\/a><\/p>\n","protected":false},"author":1,"featured_media":0,"comment_status":"closed","ping_status":"closed","sticky":false,"template":"","format":"standard","meta":{"footnotes":""},"categories":[11],"tags":[],"class_list":["post-998","post","type-post","status-publish","format-standard","hentry","category-distributions"],"_links":{"self":[{"href":"https:\/\/pomme-d-amap.org\/index.php\/wp-json\/wp\/v2\/posts\/998","targetHints":{"allow":["GET"]}}],"collection":[{"href":"https:\/\/pomme-d-amap.org\/index.php\/wp-json\/wp\/v2\/posts"}],"about":[{"href":"https:\/\/pomme-d-amap.org\/index.php\/wp-json\/wp\/v2\/types\/post"}],"author":[{"embeddable":true,"href":"https:\/\/pomme-d-amap.org\/index.php\/wp-json\/wp\/v2\/users\/1"}],"replies":[{"embeddable":true,"href":"https:\/\/pomme-d-amap.org\/index.php\/wp-json\/wp\/v2\/comments?post=998"}],"version-history":[{"count":1,"href":"https:\/\/pomme-d-amap.org\/index.php\/wp-json\/wp\/v2\/posts\/998\/revisions"}],"predecessor-version":[{"id":999,"href":"https:\/\/pomme-d-amap.org\/index.php\/wp-json\/wp\/v2\/posts\/998\/revisions\/999"}],"wp:attachment":[{"href":"https:\/\/pomme-d-amap.org\/index.php\/wp-json\/wp\/v2\/media?parent=998"}],"wp:term":[{"taxonomy":"category","embeddable":true,"href":"https:\/\/pomme-d-amap.org\/index.php\/wp-json\/wp\/v2\/categories?post=998"},{"taxonomy":"post_tag","embeddable":true,"href":"https:\/\/pomme-d-amap.org\/index.php\/wp-json\/wp\/v2\/tags?post=998"}],"curies":[{"name":"wp","href":"https:\/\/api.w.org\/{rel}","templated":true}]}}